{"id":13238,"date":"2026-04-18T18:38:28","date_gmt":"2026-04-18T18:38:28","guid":{"rendered":"https:\/\/www.lewens.de\/?p=13238"},"modified":"2026-04-20T12:24:11","modified_gmt":"2026-04-20T12:24:11","slug":"murano-modulare-bo-kazdy-taras-ma-swoja-wlasna-historie","status":"publish","type":"post","link":"https:\/\/www.lewens.de\/pl\/murano-modulare-bo-kazdy-taras-ma-swoja-wlasna-historie\/","title":{"rendered":"Murano Modulare. Bo ka\u017cdy taras ma swoj\u0105 w\u0142asn\u0105 histori\u0119."},"content":{"rendered":"\n<div class=\"wp-block-group is-layout-constrained wp-block-group-is-layout-constrained\">\n<p class=\"has-h-3-font-size\">Elastyczno\u015b\u0107 na nowym poziomie: to, co sprawia, \u017ce wiele zadasze\u0144 zawodzi, jest dla Murano Modulare punktem wyj\u015bcia.<\/p>\n\n\n\n<p>Przesuni\u0119cia i wyci\u0119cia \u2013 w rzeczywisto\u015bci prawie \u017caden taras nie wygl\u0105da tak jak w katalogu. W\u0142a\u015bnie dlatego opracowali\u015bmy Murano Modulare. Wyr\u00f3wnuje odchylenia z dok\u0142adno\u015bci\u0105 do milimetra i wpasowuje si\u0119 harmonijnie w istniej\u0105ce warunki \u2013 jakby by\u0142 planowany od samego pocz\u0105tku.<\/p>\n\n\n\n<p>Wida\u0107 to, gdy przyjrzymy si\u0119 bli\u017cej \u2013 lub w\u0142a\u015bnie nie. \u017badnych widocznych \u015brub, filigranowe za\u015blepki, czyste proporcje. W zale\u017cno\u015bci od wymaga\u0144 dost\u0119pne s\u0105 dwa warianty krokwi: smuk\u0142a krokiew 130 mm do dyskretnej architektury i mniejszych instalacji oraz wydajna krokiew 160 mm do du\u017cych rozpi\u0119to\u015bci do 7 \u00d7 5 metr\u00f3w.<\/p>\n<\/div>\n\n\n\n<div class=\"wp-block-acv-slider swiper\" data-swiper=\"{&quot;navigation&quot;:true,&quot;pagination&quot;:&quot;scrollbar&quot;,&quot;slidesPerGroup&quot;:&quot;auto&quot;}\"><div class=\"swiper-wrapper\">\n<div class=\"wp-block-acv-slide swiper-slide\">\n<figure class=\"wp-block-image size-full\"><img loading=\"lazy\" decoding=\"async\" width=\"1504\" height=\"909\" src=\"https:\/\/www.lewens.de\/wp-content\/uploads\/2026\/04\/Lewens_Murano_Modulare_02.webp\" alt=\"\" class=\"wp-image-12915\"\/><\/figure>\n<\/div>\n<\/div><div class=\"swiper-ui\"><div class=\"swiper-scrollbar\"><\/div><div class=\"swiper-button-prev\"><\/div><div class=\"swiper-button-next\"><\/div><\/div><\/div>\n\n\n\n<div class=\"wp-block-group is-layout-constrained wp-block-group-is-layout-constrained\">\n<h2 class=\"wp-block-heading has-h-3-font-size\">Za tym kryje si\u0119 przemy\u015blana koncepcja systemu.<\/h2>\n\n\n\n<p>Jako cz\u0119\u015b\u0107 serii szklanych dach\u00f3w Murano, Modulare mo\u017cna \u0142atwo rozszerzy\u0107 o przesuwne elementy szklane Glissando lub sta\u0142e przeszklenie Finestra \u2013 wszystko z jednej r\u0119ki, wszystko dopasowane do siebie.<\/p>\n\n\n\n<p>A gdy s\u0142o\u0144ce zachodzi? O\u015bwietlenie LED w krokwiach zapewnia odpowiedni nastr\u00f3j, a promiennik ciep\u0142a sprawia, \u017ce kurtka zostaje tam, gdzie jej miejsce. To, co zacz\u0119\u0142o si\u0119 jako taras, staje si\u0119 ulubionym miejscem \u2013 niezale\u017cnie od pory dnia i roku.<\/p>\n\n\n\n<p>Made in Germany. Made by Lewens.<\/p>\n<\/div>\n\n\n\n<div class=\"wp-block-group alignwide m-130 is-layout-constrained wp-block-group-is-layout-constrained\">\n<div class=\"wp-block-group is-layout-constrained wp-block-group-is-layout-constrained\">\n<div class=\"wp-block-media-text is-stacked-on-mobile is-image-fill-element has-light-gray-background-color has-background\"><figure class=\"wp-block-media-text__media\"><img loading=\"lazy\" decoding=\"async\" width=\"1136\" height=\"910\" src=\"https:\/\/www.lewens.de\/wp-content\/uploads\/2026\/04\/Lewens_Murano_Modulare_03.webp\" alt=\"\" class=\"wp-image-12917 size-full\" style=\"object-position:50% 50%\"\/><\/figure><div class=\"wp-block-media-text__content\">\n<h2 class=\"wp-block-heading\">Z dok\u0142adno\u015bci\u0105 do milimetra. Stworzony dla ka\u017cdego tarasu.<\/h2>\n\n\n\n<div class=\"wp-block-buttons is-layout-flex wp-block-buttons-is-layout-flex\">\n<div class=\"wp-block-button is-style-outline is-style-outline--1\"><a class=\"wp-block-button__link has-black-color has-text-color has-link-color wp-element-button\" href=\"https:\/\/www.lewens.de\/pl\/produkty\/murano-modulare\/\">Odkryj Murano Modulare<\/a><\/div>\n<\/div>\n<\/div><\/div>\n<\/div>\n<\/div>\n","protected":false},"excerpt":{"rendered":"<p>Elastyczno\u015b\u0107 na nowym poziomie: to, co sprawia, \u017ce wiele zadasze\u0144 zawodzi, jest dla Murano Modulare punktem wyj\u015bcia.<\/p>\n","protected":false},"author":3,"featured_media":12916,"comment_status":"closed","ping_status":"open","sticky":false,"template":"","format":"standard","meta":{"_locale":"pl_PL","_original_post":"https:\/\/www.lewens.de\/?p=12914","_thumbnails":[12916],"footnotes":"","_hide_thumbnail":false},"categories":[1],"tags":[],"class_list":["post-13238","post","type-post","status-publish","format-standard","has-post-thumbnail","hentry","category-ogolnie","pl-PL","teaser-view"],"aioseo_notices":[],"_links":{"self":[{"href":"https:\/\/www.lewens.de\/wp-json\/wp\/v2\/posts\/13238","targetHints":{"allow":["GET"]}}],"collection":[{"href":"https:\/\/www.lewens.de\/wp-json\/wp\/v2\/posts"}],"about":[{"href":"https:\/\/www.lewens.de\/wp-json\/wp\/v2\/types\/post"}],"author":[{"embeddable":true,"href":"https:\/\/www.lewens.de\/wp-json\/wp\/v2\/users\/3"}],"replies":[{"embeddable":true,"href":"https:\/\/www.lewens.de\/wp-json\/wp\/v2\/comments?post=13238"}],"version-history":[{"count":4,"href":"https:\/\/www.lewens.de\/wp-json\/wp\/v2\/posts\/13238\/revisions"}],"predecessor-version":[{"id":13278,"href":"https:\/\/www.lewens.de\/wp-json\/wp\/v2\/posts\/13238\/revisions\/13278"}],"wp:featuredmedia":[{"embeddable":true,"href":"https:\/\/www.lewens.de\/wp-json\/wp\/v2\/media\/12916"}],"wp:attachment":[{"href":"https:\/\/www.lewens.de\/wp-json\/wp\/v2\/media?parent=13238"}],"wp:term":[{"taxonomy":"category","embeddable":true,"href":"https:\/\/www.lewens.de\/wp-json\/wp\/v2\/categories?post=13238"},{"taxonomy":"post_tag","embeddable":true,"href":"https:\/\/www.lewens.de\/wp-json\/wp\/v2\/tags?post=13238"}],"curies":[{"name":"wp","href":"https:\/\/api.w.org\/{rel}","templated":true}]}}