{"id":13247,"date":"2026-04-18T18:36:20","date_gmt":"2026-04-18T18:36:20","guid":{"rendered":"https:\/\/www.lewens.de\/?p=13247"},"modified":"2026-04-20T12:24:21","modified_gmt":"2026-04-20T12:24:21","slug":"wszystko-swieci-a-slupek-led-kryje-w-sobie-technologie","status":"publish","type":"post","link":"https:\/\/www.lewens.de\/pl\/wszystko-swieci-a-slupek-led-kryje-w-sobie-technologie\/","title":{"rendered":"Wszystko \u015bwieci. A s\u0142upek LED kryje w sobie technologi\u0119."},"content":{"rendered":"\n<div class=\"wp-block-group is-layout-constrained wp-block-group-is-layout-constrained\">\n<p class=\"has-h-3-font-size\">Dzi\u0119ki nowemu o\u015bwietleniu LED s\u0142upk\u00f3w od Lewens technika znika \u2013 a \u015bwiat\u0142o zostaje.<\/p>\n\n\n\n<p>S\u0142upki szklanych dach\u00f3w Murano i uniwersalnych ram no\u015bnych mo\u017cna teraz wyposa\u017cy\u0107 w zintegrowane listwy LED \u2013 po jednej lub obu stronach, na ca\u0142ej wysoko\u015bci s\u0142upka. Matowa blenda dyfuzora ko\u0144czy si\u0119 r\u00f3wno ze s\u0142upkiem i zapewnia r\u00f3wnomierne, bezodblaskowe \u015bwiat\u0142o, kt\u00f3re harmonijnie wpisuje si\u0119 w ca\u0142o\u015bciowy obraz. \u017badnego widocznego kabla, \u017cadnego nak\u0142adanego elementu \u2013 tylko o\u015bwietlenie, kt\u00f3re wygl\u0105da, jakby zawsze tam by\u0142o.<\/p>\n<\/div>\n\n\n\n<div class=\"wp-block-acv-slider swiper\" data-swiper=\"{&quot;navigation&quot;:true,&quot;pagination&quot;:&quot;scrollbar&quot;,&quot;slidesPerGroup&quot;:&quot;auto&quot;}\"><div class=\"swiper-wrapper\">\n<div class=\"wp-block-acv-slide swiper-slide\">\n<figure class=\"wp-block-image size-full\"><img loading=\"lazy\" decoding=\"async\" width=\"1504\" height=\"908\" src=\"https:\/\/www.lewens.de\/wp-content\/uploads\/2026\/04\/Lewens_LED_Pfosten_02.webp\" alt=\"\" class=\"wp-image-12960\"\/><\/figure>\n<\/div>\n<\/div><div class=\"swiper-ui\"><div class=\"swiper-scrollbar\"><\/div><div class=\"swiper-button-prev\"><\/div><div class=\"swiper-button-next\"><\/div><\/div><\/div>\n\n\n\n<div class=\"wp-block-group is-layout-constrained wp-block-group-is-layout-constrained\">\n<p>Ciep\u0142e \u015bwiat\u0142o o warto\u015bci 3000 Kelwin\u00f3w tworzy dok\u0142adnie t\u0119 atmosfer\u0119, kt\u00f3rej potrzebuje spokojny letni wiecz\u00f3r na tarasie. Sterowanie odbywa si\u0119 za pomoc\u0105 technologii radiowej Somfy io \u2013 z mo\u017cliwo\u015bci\u0105 \u015bciemniania i oddzielnego sterowania w kilku strefach \u2013 ze smartfona lub za pomoc\u0105 pilota.<\/p>\n\n\n\n<p>A kto ju\u017c posiada szklany dach Lewens: o\u015bwietlenie LED s\u0142upk\u00f3w mo\u017cna doinstalowa\u0107 p\u00f3\u017aniej. Plug-and-Play, jak to w Lewens jest standardem.<\/p>\n<\/div>\n\n\n\n<div class=\"wp-block-group m-130 width-lg is-layout-constrained wp-block-group-is-layout-constrained\">\n<div class=\"wp-block-group alignwide width-lg is-layout-constrained wp-block-group-is-layout-constrained\">\n<div class=\"wp-block-media-text alignwide is-stacked-on-mobile is-image-fill-element width-lg has-light-gray-background-color has-background\"><figure class=\"wp-block-media-text__media\"><img loading=\"lazy\" decoding=\"async\" width=\"1136\" height=\"910\" src=\"https:\/\/www.lewens.de\/wp-content\/uploads\/2026\/04\/Lewens_LED_Pfosten_03.webp\" alt=\"\" class=\"wp-image-12961 size-full\" style=\"object-position:50% 50%\"\/><\/figure><div class=\"wp-block-media-text__content\">\n<h2 class=\"wp-block-heading\">Ciep\u0142e \u015bwiat\u0142o, kt\u00f3re po prostu nale\u017cy do ca\u0142o\u015bci.<\/h2>\n\n\n\n<div class=\"wp-block-buttons is-layout-flex wp-block-buttons-is-layout-flex\">\n<div class=\"wp-block-button is-style-outline is-style-outline--1\"><a class=\"wp-block-button__link has-black-color has-text-color has-link-color wp-element-button\" href=\"https:\/\/www.lewens.de\/pl\/akcesoria\/oswietlenie-led\/\">Do o\u015bwietlenia LED s\u0142upk\u00f3w<\/a><\/div>\n<\/div>\n<\/div><\/div>\n<\/div>\n<\/div>\n\n\n\n<p><\/p>\n","protected":false},"excerpt":{"rendered":"<p>Dzi\u0119ki nowemu o\u015bwietleniu LED s\u0142upk\u00f3w od Lewens technika znika \u2013 a \u015bwiat\u0142o zostaje.<\/p>\n","protected":false},"author":3,"featured_media":12962,"comment_status":"closed","ping_status":"open","sticky":false,"template":"","format":"standard","meta":{"_locale":"pl_PL","_original_post":"https:\/\/www.lewens.de\/?p=12959","_thumbnails":[12962],"footnotes":"","_hide_thumbnail":false},"categories":[1],"tags":[],"class_list":["post-13247","post","type-post","status-publish","format-standard","has-post-thumbnail","hentry","category-ogolnie","pl-PL","teaser-view"],"aioseo_notices":[],"_links":{"self":[{"href":"https:\/\/www.lewens.de\/wp-json\/wp\/v2\/posts\/13247","targetHints":{"allow":["GET"]}}],"collection":[{"href":"https:\/\/www.lewens.de\/wp-json\/wp\/v2\/posts"}],"about":[{"href":"https:\/\/www.lewens.de\/wp-json\/wp\/v2\/types\/post"}],"author":[{"embeddable":true,"href":"https:\/\/www.lewens.de\/wp-json\/wp\/v2\/users\/3"}],"replies":[{"embeddable":true,"href":"https:\/\/www.lewens.de\/wp-json\/wp\/v2\/comments?post=13247"}],"version-history":[{"count":2,"href":"https:\/\/www.lewens.de\/wp-json\/wp\/v2\/posts\/13247\/revisions"}],"predecessor-version":[{"id":13280,"href":"https:\/\/www.lewens.de\/wp-json\/wp\/v2\/posts\/13247\/revisions\/13280"}],"wp:featuredmedia":[{"embeddable":true,"href":"https:\/\/www.lewens.de\/wp-json\/wp\/v2\/media\/12962"}],"wp:attachment":[{"href":"https:\/\/www.lewens.de\/wp-json\/wp\/v2\/media?parent=13247"}],"wp:term":[{"taxonomy":"category","embeddable":true,"href":"https:\/\/www.lewens.de\/wp-json\/wp\/v2\/categories?post=13247"},{"taxonomy":"post_tag","embeddable":true,"href":"https:\/\/www.lewens.de\/wp-json\/wp\/v2\/tags?post=13247"}],"curies":[{"name":"wp","href":"https:\/\/api.w.org\/{rel}","templated":true}]}}